{"id":16873,"date":"2023-11-14T14:58:03","date_gmt":"2023-11-14T12:58:03","guid":{"rendered":"https:\/\/vnaravo.si\/?p=16873"},"modified":"2024-11-28T12:25:55","modified_gmt":"2024-11-28T10:25:55","slug":"mangart-hike","status":"publish","type":"post","link":"https:\/\/vnaravo.si\/en\/mangart-hike\/","title":{"rendered":"Mangart hike"},"content":{"rendered":"\n<p>Around 1992, my parents took me to Mangart Saddle for the first time, I was around 10 or 11 years old, and I will never forget that ride towards the top of our highest route in Slovenia. Such an amazing road, such views, tunnels carved into the rock\u2026 but nothing at the top!? And then full of questions, why they built this road, who built it, when they built it and on and on. The road to Mangart Saddle still inspires me every time I climb it, be it with a self-powered vehicle or a motorized one.<\/p>\n\n\n\n<p><strong>Mangart is the 3rd highest Slovenian mountain (if we count independent mountains, of course Mali Triglav is higher) and is an extremely popular and visited peak for several reasons. The first reason is certainly the relatively easy access from the saddle, Mangart is also attractive because of one of the most beautiful via ferratas that leads to the saddle from the Italian side, and this beautiful mountain also has exceptional views over the Slovenian, Austrian and Italian peaks\u2026<\/strong><\/p>\n\n\n\n<figure class=\"wp-block-gallery has-nested-images columns-default is-cropped wp-block-gallery-1 is-layout-flex wp-block-gallery-is-layout-flex\">\n<figure class=\"wp-block-image size-large\"><img loading=\"lazy\" decoding=\"async\" width=\"924\" height=\"520\" data-id=\"10504\" src=\"https:\/\/vnaravo.si\/wp-content\/uploads\/2022\/08\/Mangart-z-jalovca-1024x576.jpg\" alt=\"\" class=\"wp-image-10504\" srcset=\"https:\/\/vnaravo.si\/wp-content\/uploads\/2022\/08\/Mangart-z-jalovca.jpg 924w, https:\/\/vnaravo.si\/wp-content\/uploads\/2022\/08\/Mangart-z-jalovca-300x169.jpg 300w, https:\/\/vnaravo.si\/wp-content\/uploads\/2022\/08\/Mangart-z-jalovca-150x84.jpg 150w, https:\/\/vnaravo.si\/wp-content\/uploads\/2022\/08\/Mangart-z-jalovca-768x432.jpg 768w\" sizes=\"auto, (max-width: 924px) 100vw, 924px\" \/><figcaption class=\"wp-element-caption\">View of Mangart from Jalovec<\/figcaption><\/figure>\n<\/figure>\n\n\n\n<h2 class=\"wp-block-heading\">Hiking Mangart<\/h2>\n\n\n\n<ul class=\"wp-block-list\">\n<li class=\"has-medium-font-size\"><strong><a href=\"#Starting-points-for-the-climb-to-Mangart\">Starting points for the climb to Mangart<\/a><\/strong>\n<ul class=\"wp-block-list\">\n<li class=\"has-medium-font-size\"><a href=\"#Pri-Mlin\u010du\">Pri Mlin\u010du<\/a><\/li>\n\n\n\n<li class=\"has-medium-font-size\"><a href=\"#Mangart-saddle\">Mangart saddle<\/a><\/li>\n\n\n\n<li class=\"has-medium-font-size\"><a href=\"#Lakes-of-Belopez\">Lakes of Belopez<\/a><\/li>\n\n\n\n<li class=\"has-medium-font-size\"><a href=\"#Via-Ferrata-to-Mangart\">Via Ferrata to Mangart<\/a><\/li>\n\n\n\n<li class=\"has-medium-font-size\"><a href=\"#Lo\u0161ka-Koritnica\">Lo\u0161ka Koritnica<\/a><\/li>\n\n\n\n<li class=\"has-medium-font-size\"><a href=\"#Planica\">Planica<\/a><\/li>\n<\/ul>\n<\/li>\n\n\n\n<li class=\"has-medium-font-size\"><strong><a href=\"#Mangart-saddle\">Mangart saddle<\/a><\/strong><\/li>\n<\/ul>\n\n\n\n<p>By the way, if you are looking for ideas for the most beautiful trips in the valley of Koritnica, So\u010da and on the slopes of the surrounding valleys, I suggest you read the ideas for the trip in the articles entitled <a href=\"https:\/\/vnaravo.si\/log-pod-mangartom\/\">Log pod Mangartom<\/a>, <a href=\"https:\/\/vnaravo.si\/en\/bovec-what-to-see-where-to-go\/\">Kam v Bovec<\/a> and <a href=\"https:\/\/vnaravo.si\/en\/best-things-to-see-in-kobarid\/\">Kobarid<\/a>, sights of <a href=\"https:\/\/vnaravo.si\/en\/best-things-to-see-in-tolmin\/\">Tolmin<\/a> and <a href=\"https:\/\/vnaravo.si\/en\/bovec-attractions\/\">Bovec<\/a>, but it is worth it you can also walk along the <a href=\"https:\/\/vnaravo.si\/soska-pot\/\">So\u010da path<\/a> and get to know the <a href=\"https:\/\/vnaravo.si\/trenta-znamenitosti\/\">wonderful Trenta<\/a>. Of course, don&#8217;t forget the neighboring <a href=\"https:\/\/vnaravo.si\/en\/jalovec-king-of-slovenian-mountains\/\">Jalovec<\/a>.<\/p>\n\n\n\n<h2 class=\"wp-block-heading\" id=\"Starting-points-for-the-climb-to-Mangart\">Starting points for the climb to Mangart<\/h2>\n\n\n\n<p>Mangart is a very specific mountain, as the vast majority of people go to the top of this striking mountain from the same starting point. If with the other high mountains in our country, where do you go to the top from is a rather relevant question, but with Mangart it is almost a rhetorical question.<\/p>\n\n\n\n<figure class=\"wp-block-table is-style-regular\"><table class=\"has-text-color has-background\" style=\"color:#335c64;background-color:#ffa300\"><thead><tr><th>Strating point<\/th><th class=\"has-text-align-center\" data-align=\"center\">Walk time<\/th><th class=\"has-text-align-center\" data-align=\"center\">Height difference along the way<\/th><th class=\"has-text-align-center\" data-align=\"center\">The difficulty of the route<\/th><\/tr><\/thead><tbody><tr><td>Mangart saddle<\/td><td class=\"has-text-align-center\" data-align=\"center\">2 h 20 min<\/td><td class=\"has-text-align-center\" data-align=\"center\">800 m<\/td><td class=\"has-text-align-center\" data-align=\"center\">demanding<\/td><\/tr><tr><td>Mangart saddle <\/td><td class=\"has-text-align-center\" data-align=\"center\">2 h 20 min<\/td><td class=\"has-text-align-center\" data-align=\"center\"> 800 m<\/td><td class=\"has-text-align-center\" data-align=\"center\">  very demanding, via ferrata B<\/td><\/tr><tr><td>Lake at Belopez<\/td><td class=\"has-text-align-center\" data-align=\"center\">5 h 30 min<\/td><td class=\"has-text-align-center\" data-align=\"center\">1800 m<\/td><td class=\"has-text-align-center\" data-align=\"center\">very demanding, via ferrata C<\/td><\/tr><tr><td>Pri Mlin\u010du<\/td><td class=\"has-text-align-center\" data-align=\"center\">4 h 45 min<\/td><td class=\"has-text-align-center\" data-align=\"center\">1600 m<\/td><td class=\"has-text-align-center\" data-align=\"center\">demanding<\/td><\/tr><tr><td>Pri Mlin\u010du <\/td><td class=\"has-text-align-center\" data-align=\"center\"> 4 h 45 min <\/td><td class=\"has-text-align-center\" data-align=\"center\"> 1600 m<\/td><td class=\"has-text-align-center\" data-align=\"center\"> very demanding, via ferrata B<\/td><\/tr><tr><td>Lo\u0161ka Koritnica<\/td><td class=\"has-text-align-center\" data-align=\"center\">7 h<\/td><td class=\"has-text-align-center\" data-align=\"center\"> 2000 m<\/td><td class=\"has-text-align-center\" data-align=\"center\">very demanding, via ferrata B\/C<\/td><\/tr><tr><td>Planica<\/td><td class=\"has-text-align-center\" data-align=\"center\">10 h<\/td><td class=\"has-text-align-center\" data-align=\"center\">cca 2100 m<\/td><td class=\"has-text-align-center\" data-align=\"center\"> very demanding, via ferrata B\/C<\/td><\/tr><\/tbody><\/table><figcaption class=\"wp-element-caption\">Starting points for the trails to Mangart<\/figcaption><\/figure>\n\n\n\n<figure class=\"wp-block-gallery has-nested-images columns-default is-cropped wp-block-gallery-2 is-layout-flex wp-block-gallery-is-layout-flex\">\n<figure class=\"wp-block-image size-large\"><img loading=\"lazy\" decoding=\"async\" width=\"1024\" height=\"307\" data-id=\"4450\" src=\"https:\/\/vnaravo.si\/wp-content\/uploads\/2021\/10\/Panoramska-fotka-1024x307.jpg\" alt=\"\" class=\"wp-image-4450\" srcset=\"https:\/\/vnaravo.si\/wp-content\/uploads\/2021\/10\/Panoramska-fotka-1024x307.jpg 1024w, https:\/\/vnaravo.si\/wp-content\/uploads\/2021\/10\/Panoramska-fotka-300x90.jpg 300w, https:\/\/vnaravo.si\/wp-content\/uploads\/2021\/10\/Panoramska-fotka-150x45.jpg 150w, https:\/\/vnaravo.si\/wp-content\/uploads\/2021\/10\/Panoramska-fotka-768x230.jpg 768w, https:\/\/vnaravo.si\/wp-content\/uploads\/2021\/10\/Panoramska-fotka.jpg 924w\" sizes=\"auto, (max-width: 1024px) 100vw, 1024px\" \/><figcaption class=\"wp-element-caption\">View from the parking lot towards Bovec<\/figcaption><\/figure>\n<\/figure>\n\n\n\n<h3 class=\"wp-block-heading\" id=\"Pri-Mlin\u010du\">Pri Mlin\u010du<\/h3>\n\n\n\n<figure class=\"wp-block-table aligncenter is-style-regular\"><table class=\"has-background\" style=\"background-color:#ffa300\"><thead><tr><th>At Mlin\u010d &#8211; Mangart<\/th><th class=\"has-text-align-center\" data-align=\"center\">Basic data<\/th><\/tr><\/thead><tbody><tr><td>Starting height<\/td><td class=\"has-text-align-center\" data-align=\"center\">1100 m<\/td><\/tr><tr><td>Height difference along the way<\/td><td class=\"has-text-align-center\" data-align=\"center\">1600 m<\/td><\/tr><tr><td>Ascent time<\/td><td class=\"has-text-align-center\" data-align=\"center\">4 h 45 min<\/td><\/tr><tr><td>The difficulty of walking<\/td><td class=\"has-text-align-center\" data-align=\"center\">challenging trail<\/td><\/tr><tr><td>The starting point<\/td><td class=\"has-text-align-center\" data-align=\"center\">At Mlin\u010d (<a href=\"https:\/\/www.google.com\/maps\/place\/46%C2%B025'25.5%22N+13%C2%B035'37.3%22E\/@46.423759,13.5911139,17z\/data=!3m1!4b1!4m4!3m3!8m2!3d46.4237553!4d13.5936888?entry=ttu\" target=\"_blank\" rel=\"noreferrer noopener\">46.4237, 13.5936<\/a>)<\/td><\/tr><tr><td>Recommended equipment<\/td><td class=\"has-text-align-center\" data-align=\"center\"> sports hiking shoes, hiking poles,<br>helmet<\/td><\/tr><tr><td>Cabin on the way<\/td><td class=\"has-text-align-center\" data-align=\"center\">no<\/td><\/tr><tr><td>Parking fee<\/td><td class=\"has-text-align-center\" data-align=\"center\">free<\/td><\/tr><tr><td>Suitable for a dog<\/td><td class=\"has-text-align-center\" data-align=\"center\">could be<\/td><\/tr><\/tbody><\/table><\/figure>\n\n\n\n<iframe loading=\"lazy\" src=\"https:\/\/www.komoot.com\/tour\/963511073\/embed?share_token=aCQR4ObGyA13jAqd1aFGcgWBJNZd4CG0Ipu2B82nPFBCkuIMYl&amp;profile=1\" width=\"100%\" height=\"700\" frameborder=\"0\" scrolling=\"no\"><\/iframe>\n\n\n\n<p>Otherwise, you can also go to Mangart from the valley, but such cases are more rare than the rule. In addition to the route that starts at the Mangart saddle or a little below it (a few years ago, for safety reasons, the road was closed all the way to the top, so today you start climbing from about 1,850 meters), it is worth mentioning the starting point at Mali\u010d or at the Mangart Viaduct, at the intersection where the road turns towards the saddle.<\/p>\n\n\n\n<p>This route is relatively popular and you can leave your car a few 100 meters higher by the road. In this case, you will do part of the route on an asphalt road, but you will still do most of the ascent on marked hiking trails. The route is quite well-trodden and not technically demanding.<\/p>\n\n\n\n<figure class=\"wp-block-gallery has-nested-images columns-default is-cropped wp-block-gallery-3 is-layout-flex wp-block-gallery-is-layout-flex\">\n<figure class=\"wp-block-image size-large\"><img loading=\"lazy\" decoding=\"async\" width=\"924\" height=\"520\" data-id=\"16878\" src=\"https:\/\/vnaravo.si\/wp-content\/uploads\/2023\/11\/Hut-at-Mangart-Saddle-1024x576.jpg\" alt=\"\" class=\"wp-image-16878\" srcset=\"https:\/\/vnaravo.si\/wp-content\/uploads\/2023\/11\/Hut-at-Mangart-Saddle.jpg 924w, https:\/\/vnaravo.si\/wp-content\/uploads\/2023\/11\/Hut-at-Mangart-Saddle-300x169.jpg 300w, https:\/\/vnaravo.si\/wp-content\/uploads\/2023\/11\/Hut-at-Mangart-Saddle-200x113.jpg 200w, https:\/\/vnaravo.si\/wp-content\/uploads\/2023\/11\/Hut-at-Mangart-Saddle-768x432.jpg 768w, https:\/\/vnaravo.si\/wp-content\/uploads\/2023\/11\/Hut-at-Mangart-Saddle-600x338.jpg 600w\" sizes=\"auto, (max-width: 924px) 100vw, 924px\" \/><figcaption class=\"wp-element-caption\">Hut on Mangart Saddle<\/figcaption><\/figure>\n<\/figure>\n\n\n\n<p>After the ascent to the saddle, the paths merge with the most besieged ones and you head towards the top or along the Slovenska pot, which is more demanding and is marked as very demanding, or even as Ferrata B of difficulty, or along the Italian route, which is less demanding and is marked as a demanding hiking trail.<\/p>\n\n\n\n<h3 class=\"wp-block-heading\" id=\"Mangart-saddle\">Mangart saddle<\/h3>\n\n\n\n<figure class=\"wp-block-table aligncenter is-style-regular\"><table class=\"has-background\" style=\"background-color:#ffa300\"><thead><tr><th>Mangart saddle &#8211; Mangart<br>Via Slovenian trail<\/th><th class=\"has-text-align-center\" data-align=\"center\">Basic data<\/th><\/tr><\/thead><tbody><tr><td>Starting height<\/td><td class=\"has-text-align-center\" data-align=\"center\">1850 m<\/td><\/tr><tr><td>Height difference along the way<\/td><td class=\"has-text-align-center\" data-align=\"center\">800 m<\/td><\/tr><tr><td>Ascent time<\/td><td class=\"has-text-align-center\" data-align=\"center\">2 h 20 min<\/td><\/tr><tr><td>The difficulty of walking<\/td><td class=\"has-text-align-center\" data-align=\"center\">very challenging marked trail (ferrata B)<\/td><\/tr><tr><td>The starting point<\/td><td class=\"has-text-align-center\" data-align=\"center\">Mangart saddle (<a href=\"https:\/\/www.google.com\/maps\/place\/46%C2%B026'11.6%22N+13%C2%B038'20.9%22E\/@46.4365651,13.6365739,17z\/data=!3m1!4b1!4m4!3m3!8m2!3d46.4365614!4d13.6391488?entry=ttu\" target=\"_blank\" rel=\"noreferrer noopener\">46.436, 13.639<\/a>)<\/td><\/tr><tr><td>Recommended equipment<\/td><td class=\"has-text-align-center\" data-align=\"center\"> sports hiking shoes, hiking poles,<br>helmet, climbing Safety kit<\/td><\/tr><tr><td>Cabin on the way<\/td><td class=\"has-text-align-center\" data-align=\"center\">no<\/td><\/tr><tr><td>Parking fee<\/td><td class=\"has-text-align-center\" data-align=\"center\">10\u20ac<\/td><\/tr><tr><td>Suitable for a dog<\/td><td class=\"has-text-align-center\" data-align=\"center\">no<\/td><\/tr><\/tbody><\/table><\/figure>\n\n\n\n<iframe loading=\"lazy\" src=\"https:\/\/www.komoot.com\/tour\/963513777\/embed?share_token=aomKDNCUAV26Y5E2T9pEJozAOO1k0PvlVx43T74nW2YOL6tLzU&amp;profile=1\" width=\"100%\" height=\"700\" frameborder=\"0\" scrolling=\"no\"><\/iframe>\n\n\n\n<p>As already mentioned in the paragraph above, there are two marked hiking trails leading from the Mangart seddle to the top, one is called the Slovenska pot, and the other is the Italian path (how original). The paths split on the far right edge of Mangart&#8217;s saddle (looking up), on the part of the path that goes along the scree. At this point, the Slovenska pot branches off to the right, but if you want to continue along the Italian path, you can continue straight.<\/p>\n\n\n\n<figure class=\"wp-block-table aligncenter is-style-regular\"><table class=\"has-background\" style=\"background-color:#ffa300\"><thead><tr><th>Mangart saddle &#8211; Mangart<br>Via Italian trail<\/th><th class=\"has-text-align-center\" data-align=\"center\">Basic data<\/th><\/tr><\/thead><tbody><tr><td>Starting height<\/td><td class=\"has-text-align-center\" data-align=\"center\">1850 m<\/td><\/tr><tr><td>Height difference along the way<\/td><td class=\"has-text-align-center\" data-align=\"center\">800 m<\/td><\/tr><tr><td>Ascent time<\/td><td class=\"has-text-align-center\" data-align=\"center\">2 h 20 min<\/td><\/tr><tr><td>The difficulty of walking<\/td><td class=\"has-text-align-center\" data-align=\"center\">challenging marked trail<\/td><\/tr><tr><td>The starting point<\/td><td class=\"has-text-align-center\" data-align=\"center\">Mangart saddle (<a href=\"https:\/\/www.google.com\/maps\/place\/46%C2%B026'11.6%22N+13%C2%B038'20.9%22E\/@46.4365651,13.6365739,17z\/data=!3m1!4b1!4m4!3m3!8m2!3d46.4365614!4d13.6391488?entry=ttu\" target=\"_blank\" rel=\"noreferrer noopener\">46.436, 13.639<\/a>)<\/td><\/tr><tr><td>Recommended equipment<\/td><td class=\"has-text-align-center\" data-align=\"center\"> sports hiking shoes, hiking poles,<br>helmet<\/td><\/tr><tr><td>Cabin on the way<\/td><td class=\"has-text-align-center\" data-align=\"center\">no<\/td><\/tr><tr><td>Parking fee<\/td><td class=\"has-text-align-center\" data-align=\"center\">10\u20ac<\/td><\/tr><tr><td>Suitable for a dog<\/td><td class=\"has-text-align-center\" data-align=\"center\">no<\/td><\/tr><\/tbody><\/table><\/figure>\n\n\n\n<iframe loading=\"lazy\" src=\"https:\/\/www.komoot.com\/tour\/963514881\/embed?share_token=an4w09UvwHaMF4gax8zS46nDewRaxH55EnyEZGLsZzPGpAwkeD&amp;profile=1\" width=\"100%\" height=\"700\" frameborder=\"0\" scrolling=\"no\"><\/iframe>\n\n\n\n<figure class=\"wp-block-gallery has-nested-images columns-default is-cropped wp-block-gallery-4 is-layout-flex wp-block-gallery-is-layout-flex\">\n<figure class=\"wp-block-image size-large\"><img loading=\"lazy\" decoding=\"async\" width=\"924\" height=\"520\" data-id=\"16880\" src=\"https:\/\/vnaravo.si\/wp-content\/uploads\/2023\/11\/Pogled-na-Mangartsko-sedlo-iz-razpotja-med-slovensko-in-italijansko-potjo-1024x576.jpg\" alt=\"\" class=\"wp-image-16880\" srcset=\"https:\/\/vnaravo.si\/wp-content\/uploads\/2023\/11\/Pogled-na-Mangartsko-sedlo-iz-razpotja-med-slovensko-in-italijansko-potjo.jpg 924w, https:\/\/vnaravo.si\/wp-content\/uploads\/2023\/11\/Pogled-na-Mangartsko-sedlo-iz-razpotja-med-slovensko-in-italijansko-potjo-300x169.jpg 300w, https:\/\/vnaravo.si\/wp-content\/uploads\/2023\/11\/Pogled-na-Mangartsko-sedlo-iz-razpotja-med-slovensko-in-italijansko-potjo-200x113.jpg 200w, https:\/\/vnaravo.si\/wp-content\/uploads\/2023\/11\/Pogled-na-Mangartsko-sedlo-iz-razpotja-med-slovensko-in-italijansko-potjo-768x432.jpg 768w, https:\/\/vnaravo.si\/wp-content\/uploads\/2023\/11\/Pogled-na-Mangartsko-sedlo-iz-razpotja-med-slovensko-in-italijansko-potjo-600x338.jpg 600w\" sizes=\"auto, (max-width: 924px) 100vw, 924px\" \/><figcaption class=\"wp-element-caption\">Mangart saddle from the crossroads of the Slovenian and Italian paths<\/figcaption><\/figure>\n<\/figure>\n\n\n\n<p>If you are not equipped with a self-protection kit and a helmet, I advise you to take the Italian route towards the top of Mangart, which is technically much easier, but also much less dangerous in terms of rock crushing. However, the Italian route is taken more along the eastern slope and you will have the sun on it very early, while the Slovenian route is taken on the other side of the mountain, i.e. along the western part, and you will still be in the shade in the morning on this climb.<\/p>\n\n\n\n<p>Regardless of which route you choose for the ascent, I recommend that you choose the Italian route for the descent, as meeting the mountaineers who are still climbing will be much easier and more pleasant than on the narrow and steep path along the cable car (Slovenian routes).<\/p>\n\n\n\n<figure class=\"wp-block-gallery has-nested-images columns-default is-cropped wp-block-gallery-5 is-layout-flex wp-block-gallery-is-layout-flex\">\n<figure class=\"wp-block-image size-large\"><img loading=\"lazy\" decoding=\"async\" width=\"900\" height=\"600\" data-id=\"4453\" src=\"https:\/\/vnaravo.si\/wp-content\/uploads\/2021\/10\/Italjanska-pot-na-Mangart.jpg\" alt=\"\" class=\"wp-image-4453\" srcset=\"https:\/\/vnaravo.si\/wp-content\/uploads\/2021\/10\/Italjanska-pot-na-Mangart.jpg 900w, https:\/\/vnaravo.si\/wp-content\/uploads\/2021\/10\/Italjanska-pot-na-Mangart-300x200.jpg 300w, https:\/\/vnaravo.si\/wp-content\/uploads\/2021\/10\/Italjanska-pot-na-Mangart-150x100.jpg 150w, https:\/\/vnaravo.si\/wp-content\/uploads\/2021\/10\/Italjanska-pot-na-Mangart-768x512.jpg 768w\" sizes=\"auto, (max-width: 900px) 100vw, 900px\" \/><figcaption class=\"wp-element-caption\">Part of the Italian route to Mangart<\/figcaption><\/figure>\n<\/figure>\n\n\n\n<h3 class=\"wp-block-heading\" id=\"Lakes-of-Belopez\">Lakes of Belopez<\/h3>\n\n\n\n<figure class=\"wp-block-table aligncenter is-style-regular\"><table class=\"has-background\" style=\"background-color:#ffa300\"><thead><tr><th>Lakes of Belopez &#8211; Mangart<br>Via ferrata<\/th><th class=\"has-text-align-center\" data-align=\"center\">Basic data<\/th><\/tr><\/thead><tbody><tr><td>Starting height<\/td><td class=\"has-text-align-center\" data-align=\"center\">930 m<\/td><\/tr><tr><td>Height difference along the way<\/td><td class=\"has-text-align-center\" data-align=\"center\">1800 m<\/td><\/tr><tr><td>Ascent time<\/td><td class=\"has-text-align-center\" data-align=\"center\">5 h 30 min<\/td><\/tr><tr><td>The difficulty of walking<\/td><td class=\"has-text-align-center\" data-align=\"center\">very challenging marked trail (ferrata C)<\/td><\/tr><tr><td>The starting point<\/td><td class=\"has-text-align-center\" data-align=\"center\">Lakes of Belopez (<a href=\"https:\/\/www.google.com\/maps\/place\/46%C2%B028'24.2%22N+13%C2%B040'13.4%22E\/@46.4733845,13.6678164,17z\/data=!3m1!4b1!4m4!3m3!8m2!3d46.4733808!4d13.6703913?entry=ttu\" target=\"_blank\" rel=\"noreferrer noopener\">46.473, 13.67<\/a>)<\/td><\/tr><tr><td>Recommended equipment<\/td><td class=\"has-text-align-center\" data-align=\"center\"> sports hiking shoes, hiking poles,<br>helmet, climbing Safety kit<\/td><\/tr><tr><td>Cabin on the way<\/td><td class=\"has-text-align-center\" data-align=\"center\">no<\/td><\/tr><tr><td>Parking fee<\/td><td class=\"has-text-align-center\" data-align=\"center\">yes<\/td><\/tr><tr><td>Suitable for a dog<\/td><td class=\"has-text-align-center\" data-align=\"center\">no<\/td><\/tr><\/tbody><\/table><\/figure>\n\n\n\n<iframe loading=\"lazy\" src=\"https:\/\/www.komoot.com\/tour\/963517105\/embed?share_token=azg7TsYgBHVwNXs2h7Kq5Rico9yybFAUm8gtwOkTl4QOJDTcCD&amp;profile=1\" width=\"100%\" height=\"700\" frameborder=\"0\" scrolling=\"no\"><\/iframe>\n\n\n\n<p>All mountain lovers, I believe that you have already heard of the Lakes of Belopez (<a href=\"https:\/\/vnaravo.si\/jezera-in-slapovi-v-okolici-kranjske-gore\/#Belope%C5%A1ka-jezera\">read more about Lakes of Belopez here<\/a>), two beautiful lakes located in the valley below Ponce and Mangart. Otherwise, this is already Italian territory, but from Rate\u010de it is only a few minutes&#8217; drive to the lakes.<\/p>\n\n\n\n<p>This starting point is, in my opinion, the second most besieged starting point for jumping onto Mangart. It is especially besieged by fans of via ferratas and beautiful views, as the route to the top is led along one of the most beautiful via ferratas in the Julian Alps. The ferrata starts about a 2-hour walk from the parking lot at the higher of the two lakes of Belopez. A little before the start of the via ferrata, a bivouac is set up, which is miniature, but still allows a few mountaineers to spend the night.<\/p>\n\n\n\n<figure class=\"wp-block-gallery has-nested-images columns-default is-cropped wp-block-gallery-6 is-layout-flex wp-block-gallery-is-layout-flex\">\n<figure class=\"wp-block-image size-large\"><img loading=\"lazy\" decoding=\"async\" width=\"924\" height=\"520\" data-id=\"11645\" src=\"https:\/\/vnaravo.si\/wp-content\/uploads\/2022\/10\/Spodnje-Belopesko-jezero-1-1024x576.jpg\" alt=\"\" class=\"wp-image-11645\" srcset=\"https:\/\/vnaravo.si\/wp-content\/uploads\/2022\/10\/Spodnje-Belopesko-jezero-1.jpg 924w, https:\/\/vnaravo.si\/wp-content\/uploads\/2022\/10\/Spodnje-Belopesko-jezero-1-300x169.jpg 300w, https:\/\/vnaravo.si\/wp-content\/uploads\/2022\/10\/Spodnje-Belopesko-jezero-1-150x84.jpg 150w, https:\/\/vnaravo.si\/wp-content\/uploads\/2022\/10\/Spodnje-Belopesko-jezero-1-768x432.jpg 768w\" sizes=\"auto, (max-width: 924px) 100vw, 924px\" \/><figcaption class=\"wp-element-caption\">Lower lake of Belopez<\/figcaption><\/figure>\n<\/figure>\n\n\n\n<h3 class=\"wp-block-heading\" id=\"Via-Ferrata-to-Mangart\">Via Ferrata to Mangart<\/h3>\n\n\n\n<p>Ferrata Via Italiana, as it is called, is extremely popular and is definitely on the wish list of every mountaineer who enjoys climbing along steel cables. The Ferrata towards Mangart saddle will inspire you, because it is a Ferrata that conjures up one of the most beautiful views in our highlands, and at the same time it is the most &#8220;airy&#8221; Ferrata in our mountains.<\/p>\n\n\n\n<p>From a technical point of view, the protected climbing route is not so demanding (C), but for those of you who have problems with heights, I still do not recommend this via Ferrata.<\/p>\n\n\n\n<figure class=\"wp-block-gallery has-nested-images columns-default is-cropped wp-block-gallery-7 is-layout-flex wp-block-gallery-is-layout-flex\">\n<figure class=\"wp-block-image size-large\"><img loading=\"lazy\" decoding=\"async\" width=\"924\" height=\"520\" data-id=\"16883\" src=\"https:\/\/vnaravo.si\/wp-content\/uploads\/2023\/11\/Ferata-via-italiana-1024x576.jpg\" alt=\"\" class=\"wp-image-16883\" srcset=\"https:\/\/vnaravo.si\/wp-content\/uploads\/2023\/11\/Ferata-via-italiana.jpg 924w, https:\/\/vnaravo.si\/wp-content\/uploads\/2023\/11\/Ferata-via-italiana-300x169.jpg 300w, https:\/\/vnaravo.si\/wp-content\/uploads\/2023\/11\/Ferata-via-italiana-200x113.jpg 200w, https:\/\/vnaravo.si\/wp-content\/uploads\/2023\/11\/Ferata-via-italiana-768x432.jpg 768w, https:\/\/vnaravo.si\/wp-content\/uploads\/2023\/11\/Ferata-via-italiana-600x338.jpg 600w\" sizes=\"auto, (max-width: 924px) 100vw, 924px\" \/><figcaption class=\"wp-element-caption\">Ferrata via Italiana<\/figcaption><\/figure>\n<\/figure>\n\n\n\n<p>The ascent via Ferrata itself will take you around 2 hours, and maybe a little more if you encounter slower climbers on the way, but it is quite difficult to overtake them while climbing. In addition to the wonderful views, the well-maintained path, you will also enjoy climbing through small windows, and a very special experience will await you a little below the top of the Via Ferrata, when it approaches the saddle only a few meters away, where usually hikers who go to the top they pass from the saddle looking for views. You in the middle of a precipice wall, attached to a steel cable, and they are enjoying at the top of a grassy slope\u2026<\/p>\n\n\n\n<p>Upon arrival in the saddle, or to the normal marked path, I recommend that you continue the path to the Slovenska pot, which is also a via ferrata, or protected climbing route of B difficulty and you climb to the top of the striking mountain via it. Then descend along the Italian route to the saddle and then along route 517 towards the starting point by the lakes.<\/p>\n\n\n<figure class=\"wp-block-embed-youtube wp-block-embed is-type-video is-provider-youtube \"><div class=\"lyte-wrapper fourthree\" style=\"width:420px;max-width:100%;margin:5px;\"><div class=\"lyMe\" id=\"WYL_4esFTXgD7D4\"><div id=\"lyte_4esFTXgD7D4\" data-src=\"\/\/i.ytimg.com\/vi\/4esFTXgD7D4\/hqdefault.jpg\" class=\"pL\"><div class=\"tC\"><div class=\"tT\"><\/div><\/div><div class=\"play\"><\/div><div class=\"ctrl\"><div class=\"Lctrl\"><\/div><div class=\"Rctrl\"><\/div><\/div><\/div><noscript><a href=\"https:\/\/youtu.be\/4esFTXgD7D4\" rel=\"nofollow\"><img loading=\"lazy\" decoding=\"async\" src=\"https:\/\/i.ytimg.com\/vi\/4esFTXgD7D4\/0.jpg\" alt=\"YouTube video thumbnail\" width=\"420\" height=\"295\" \/><br \/>Watch this video on YouTube<\/a><\/noscript><\/div><\/div><div class=\"lL\" style=\"max-width:100%;width:420px;margin:5px;\"><\/div><figcaption><\/figcaption><\/figure>\n\n\n<h3 class=\"wp-block-heading\" id=\"Lo\u0161ka-Koritnica\">Lo\u0161ka Koritnica<\/h3>\n\n\n\n<figure class=\"wp-block-table aligncenter is-style-regular\"><table class=\"has-background\" style=\"background-color:#ffa300\"><thead><tr><th>Lo\u0161ka Koritnica &#8211; Mangart<\/th><th class=\"has-text-align-center\" data-align=\"center\">Basic data<\/th><\/tr><\/thead><tbody><tr><td>Starting height<\/td><td class=\"has-text-align-center\" data-align=\"center\">780 m<\/td><\/tr><tr><td>Height difference along the way<\/td><td class=\"has-text-align-center\" data-align=\"center\">2000 m<\/td><\/tr><tr><td>Ascent time<\/td><td class=\"has-text-align-center\" data-align=\"center\">7 h 30 min<\/td><\/tr><tr><td>The difficulty of walking<\/td><td class=\"has-text-align-center\" data-align=\"center\">very challenging marked trail (ferrata B\/C)<\/td><\/tr><tr><td>The starting point<\/td><td class=\"has-text-align-center\" data-align=\"center\">Lo\u0161ka Koritnica (<a href=\"https:\/\/www.google.com\/maps\/place\/46%C2%B024'29.1%22N+13%C2%B036'18.3%22E\/@46.4080777,13.6042862,18z\/data=!3m1!4b1!4m4!3m3!8m2!3d46.4080766!4d13.6050742?entry=ttu\" target=\"_blank\" rel=\"noreferrer noopener\">46.408, 13.605<\/a>)<\/td><\/tr><tr><td>Recommended equipment<\/td><td class=\"has-text-align-center\" data-align=\"center\"> sports hiking shoes, hiking poles,<br>helmet, climbing Safety kit<\/td><\/tr><tr><td>Cabin on the way<\/td><td class=\"has-text-align-center\" data-align=\"center\">no<\/td><\/tr><tr><td>Parking fee<\/td><td class=\"has-text-align-center\" data-align=\"center\">no<\/td><\/tr><tr><td>Suitable for a dog<\/td><td class=\"has-text-align-center\" data-align=\"center\">no<\/td><\/tr><\/tbody><\/table><\/figure>\n\n\n\n<iframe loading=\"lazy\" src=\"https:\/\/www.komoot.com\/tour\/963523399\/embed?share_token=apGK2CsY4JBIn59UNvNLXjtl38CdKwaiDwzq7oCOGjBmgrApxG&amp;profile=1\" width=\"100%\" height=\"700\" frameborder=\"0\" scrolling=\"no\"><\/iframe>\n\n\n\n<p>I have not done the ascent from the Lo\u0161ka Koritnica valley yet, but I know from my colleagues that the path is not easy, both in terms of the physical and technical part of the ascent. If you are going to climb from the valley between Jalovec and Mangart, set off early enough and have enough water with you. Don&#8217;t forget your helmet and safety belt either, because during the ascent there is a part of the route that is characterized by the difficulty of ferrata B\/C. The ascent is also spiced up by steep grassy slopes that require special attention, as a slip can quickly occur\u2026<\/p>\n\n\n\n<figure class=\"wp-block-image size-large\"><img loading=\"lazy\" decoding=\"async\" width=\"924\" height=\"520\" src=\"https:\/\/vnaravo.si\/wp-content\/uploads\/2023\/11\/FErata-na-Mangart-1024x576.jpg\" alt=\"\" class=\"wp-image-16885\" srcset=\"https:\/\/vnaravo.si\/wp-content\/uploads\/2023\/11\/FErata-na-Mangart.jpg 924w, https:\/\/vnaravo.si\/wp-content\/uploads\/2023\/11\/FErata-na-Mangart-300x169.jpg 300w, https:\/\/vnaravo.si\/wp-content\/uploads\/2023\/11\/FErata-na-Mangart-200x113.jpg 200w, https:\/\/vnaravo.si\/wp-content\/uploads\/2023\/11\/FErata-na-Mangart-768x432.jpg 768w, https:\/\/vnaravo.si\/wp-content\/uploads\/2023\/11\/FErata-na-Mangart-600x338.jpg 600w\" sizes=\"auto, (max-width: 924px) 100vw, 924px\" \/><figcaption class=\"wp-element-caption\">Part of the via ferrata on the Italian side of the saddle<\/figcaption><\/figure>\n\n\n\n<h3 class=\"wp-block-heading\" id=\"Planica\">Planica<\/h3>\n\n\n\n<figure class=\"wp-block-table aligncenter is-style-regular\"><table class=\"has-background\" style=\"background-color:#ffa300\"><thead><tr><th>Planica &#8211; Mangart<\/th><th class=\"has-text-align-center\" data-align=\"center\">Basic data<\/th><\/tr><\/thead><tbody><tr><td>Starting height<\/td><td class=\"has-text-align-center\" data-align=\"center\">970 m<\/td><\/tr><tr><td>Height difference along the way<\/td><td class=\"has-text-align-center\" data-align=\"center\">2100 m<\/td><\/tr><tr><td>Ascent time<\/td><td class=\"has-text-align-center\" data-align=\"center\">10 h<\/td><\/tr><tr><td>The difficulty of walking<\/td><td class=\"has-text-align-center\" data-align=\"center\">very challenging marked trail (ferrata B\/C)<\/td><\/tr><tr><td>The starting point<\/td><td class=\"has-text-align-center\" data-align=\"center\">Planica (<a href=\"https:\/\/www.google.com\/maps\/place\/46%C2%B028'28.9%22N+13%C2%B043'22.2%22E\/@46.4746863,13.721105,17z\/data=!3m1!4b1!4m4!3m3!8m2!3d46.4746838!4d13.7228236?entry=ttu\" target=\"_blank\" rel=\"noreferrer noopener\">46.4746, 13.7228<\/a>)<\/td><\/tr><tr><td>Recommended equipment<\/td><td class=\"has-text-align-center\" data-align=\"center\"> sports hiking shoes, hiking poles,<br>helmet, climbing Safety kit<\/td><\/tr><tr><td>Cabin on the way<\/td><td class=\"has-text-align-center\" data-align=\"center\">no<\/td><\/tr><tr><td>Parking fee<\/td><td class=\"has-text-align-center\" data-align=\"center\">yes<\/td><\/tr><tr><td>Suitable for a dog<\/td><td class=\"has-text-align-center\" data-align=\"center\">no<\/td><\/tr><\/tbody><\/table><\/figure>\n\n\n\n<iframe loading=\"lazy\" src=\"https:\/\/www.komoot.com\/tour\/963526621\/embed?share_token=aNkKqFKyq8Y1pOCn4TVDRv8QGV5IHXQScFyQcfoSXhJ4xgm9dV&amp;profile=1\" width=\"100%\" height=\"700\" frameborder=\"0\" scrolling=\"no\"><\/iframe>\n\n\n\n<p>Similarly, like the route from Lo\u0161ka Koritnica, I have not yet completed the route from Planica to Mangart. The route is very long and only very well-prepared and fast mountaineers will be able to cover it in one day. In addition, the route is also quite demanding, both physically and technically. The first part of the path to Kotovo saddle follows the same route as the ascent to Jalovec, but there the paths diverge and quite soon after that, the path joins the path from Lo\u0161ka Koritnica. So even in this case a helmet and a self-defense kit are recommended.<\/p>\n\n\n\n<h2 class=\"wp-block-heading\">Mangart saddle<\/h2>\n\n\n\n<p>Mangart saddle is an extremely popular excursion point in all seasons. If, from late spring to autumn, mountaineers and view-seeking excursionists who set off on a steel horse and cyclists predominate, at the time when the road, which climbs up to a height of 2,055 meters above sea level, is under snow, tours dominate skiers, sledders and well-equipped mountaineers.<\/p>\n\n\n\n<p>The extensive grassy areas on the Mangart Saddle are a real paradise for lovers of mountain flowers. During the summer, the meadows there turn into a colorful carpet of many protected species of mountain flowers. They provide a pleasant habitat for many marmots, as well as the largest inhabitants of the highlands, the ibex.<\/p>\n\n\n\n<figure class=\"wp-block-gallery has-nested-images columns-default is-cropped wp-block-gallery-8 is-layout-flex wp-block-gallery-is-layout-flex\">\n<figure class=\"wp-block-image size-large\"><img loading=\"lazy\" decoding=\"async\" width=\"900\" height=\"600\" data-id=\"4457\" src=\"https:\/\/vnaravo.si\/wp-content\/uploads\/2021\/10\/Razgled-z-Mangarta.jpg\" alt=\"\" class=\"wp-image-4457\" srcset=\"https:\/\/vnaravo.si\/wp-content\/uploads\/2021\/10\/Razgled-z-Mangarta.jpg 900w, https:\/\/vnaravo.si\/wp-content\/uploads\/2021\/10\/Razgled-z-Mangarta-300x200.jpg 300w, https:\/\/vnaravo.si\/wp-content\/uploads\/2021\/10\/Razgled-z-Mangarta-150x100.jpg 150w, https:\/\/vnaravo.si\/wp-content\/uploads\/2021\/10\/Razgled-z-Mangarta-768x512.jpg 768w\" sizes=\"auto, (max-width: 900px) 100vw, 900px\" \/><figcaption class=\"wp-element-caption\">Mangart offers us exceptional views<\/figcaption><\/figure>\n<\/figure>\n\n\n\n<p>The road to the Mangart saddle was built between the two World Wars, when as much as 1\/3 of the Slovenian ethnic territory was annexed by the Italian occupiers. During the time when the Rapal border was in force, Italians built an incredibly large number of military facilities, mountain trails (mulatjers) and many other accompanying facilities on the border itself and in its hinterland, which serve their purpose to this day.<\/p>\n\n\n\n<p>The highest road in Slovenia was built in 1938 and has been renovated several times since then. The road has a total length of 12 kilometers and overcomes almost 1000 meters of altitude (from the intersection at the Mangart Viaduct) and is therefore extremely popular with road cyclists who test the limits of their capabilities while biting the &#8220;endless&#8221; slope. Due to an avalanche that occurred a good two kilometers below the summit years ago, today the road is only passable for a good 9 kilometers and takes us somewhere up to a height of 1,900 meters.<\/p>\n\n\n\n<figure class=\"wp-block-gallery has-nested-images columns-default is-cropped wp-block-gallery-9 is-layout-flex wp-block-gallery-is-layout-flex\">\n<figure class=\"wp-block-image size-large\"><img loading=\"lazy\" decoding=\"async\" width=\"900\" height=\"600\" data-id=\"4458\" src=\"https:\/\/vnaravo.si\/wp-content\/uploads\/2021\/10\/Vrh-Mangarta.jpg\" alt=\"\" class=\"wp-image-4458\" srcset=\"https:\/\/vnaravo.si\/wp-content\/uploads\/2021\/10\/Vrh-Mangarta.jpg 900w, https:\/\/vnaravo.si\/wp-content\/uploads\/2021\/10\/Vrh-Mangarta-300x200.jpg 300w, https:\/\/vnaravo.si\/wp-content\/uploads\/2021\/10\/Vrh-Mangarta-150x100.jpg 150w, https:\/\/vnaravo.si\/wp-content\/uploads\/2021\/10\/Vrh-Mangarta-768x512.jpg 768w\" sizes=\"auto, (max-width: 900px) 100vw, 900px\" \/><figcaption class=\"wp-element-caption\">The top of the 3rd highest mountain in Slovenia is decorated with a wooden cross<\/figcaption><\/figure>\n<\/figure>\n\n\n\n<p>Due to its great popularity, the road operators have limited access to the saddle to 90 vehicles, but on nice weekends they still bring a large number of cars down to the top of this beautiful scenic road (my opinion, based on what I&#8217;ve seen). The ecological tax that you will have to pay when climbing Mangart saddle is \u20ac10.<\/p>\n\n\n\n<p><strong>Before setting out on Mangart saddle, it is wise to check the <a href=\"https:\/\/www.amzs.si\/na-poti\/alpski-prelazi\/mangart-slovenija\" target=\"_blank\" rel=\"noreferrer noopener\">current road conditions<\/a>.<\/strong><\/p>\n\n\n\n<p>For tourists staying in Bovec and its surroundings, during the summer tourist season (July and August), organized bus transport to the top of the saddle is particularly interesting. The bus climbs to the turning point, which is before the last tunnel, that is, to a height of a little over 1,800 meters. From there, it is about 40 minutes of climbing (walking) to the top of the saddle.<\/p>\n\n\n\n<p class=\"has-text-align-center\"><strong>During the summer tourist season, 2 buses run daily from Bovec to Mangart saddle.<\/strong><\/p>\n\n\n\n<figure class=\"wp-block-table aligncenter is-style-regular\"><table class=\"has-text-color has-background\" style=\"color:#335c64;background-color:#ffa300\"><thead><tr><th>Station<\/th><th class=\"has-text-align-center\" data-align=\"center\">Departure1<\/th><th class=\"has-text-align-center\" data-align=\"center\">Departure 2<\/th><th class=\"has-text-align-center\" data-align=\"center\">Arrival 1<\/th><th class=\"has-text-align-center\" data-align=\"center\">Arrival 2<\/th><\/tr><\/thead><tbody><tr><td><strong>Bovec<\/strong><\/td><td class=\"has-text-align-center\" data-align=\"center\">7:05<\/td><td class=\"has-text-align-center\" data-align=\"center\">13:00<\/td><td class=\"has-text-align-center\" data-align=\"center\">9:00<\/td><td class=\"has-text-align-center\" data-align=\"center\">14:55<\/td><\/tr><tr><td><strong>Klu\u017ee<\/strong><\/td><td class=\"has-text-align-center\" data-align=\"center\">7:11<\/td><td class=\"has-text-align-center\" data-align=\"center\">13:06<\/td><td class=\"has-text-align-center\" data-align=\"center\">8:54<\/td><td class=\"has-text-align-center\" data-align=\"center\">14:49<\/td><\/tr><tr><td><strong>Log pod Mangartom- below<\/strong><\/td><td class=\"has-text-align-center\" data-align=\"center\">7:21<\/td><td class=\"has-text-align-center\" data-align=\"center\">13:16<\/td><td class=\"has-text-align-center\" data-align=\"center\">8:44<\/td><td class=\"has-text-align-center\" data-align=\"center\">14:39<\/td><\/tr><tr><td><strong>Log pod Mangartom- top<\/strong><\/td><td class=\"has-text-align-center\" data-align=\"center\">7:22<\/td><td class=\"has-text-align-center\" data-align=\"center\">13:17<\/td><td class=\"has-text-align-center\" data-align=\"center\">8:43<\/td><td class=\"has-text-align-center\" data-align=\"center\">14:38<\/td><\/tr><tr><td><strong>Strmec<\/strong><\/td><td class=\"has-text-align-center\" data-align=\"center\">7:32<\/td><td class=\"has-text-align-center\" data-align=\"center\">13:27<\/td><td class=\"has-text-align-center\" data-align=\"center\">8:33<\/td><td class=\"has-text-align-center\" data-align=\"center\">14:28<\/td><\/tr><tr><td><strong>Viadukt Mlin\u010d<\/strong><\/td><td class=\"has-text-align-center\" data-align=\"center\">7:37<\/td><td class=\"has-text-align-center\" data-align=\"center\">13:32<\/td><td class=\"has-text-align-center\" data-align=\"center\">8:28<\/td><td class=\"has-text-align-center\" data-align=\"center\">14:23<\/td><\/tr><tr><td><strong>Mangart mountain<\/strong><\/td><td class=\"has-text-align-center\" data-align=\"center\">7:44<\/td><td class=\"has-text-align-center\" data-align=\"center\">13:39<\/td><td class=\"has-text-align-center\" data-align=\"center\">8:21<\/td><td class=\"has-text-align-center\" data-align=\"center\">14:16<\/td><\/tr><tr><td><strong>Mangart<\/strong> saddle<\/td><td class=\"has-text-align-center\" data-align=\"center\">8:00<\/td><td class=\"has-text-align-center\" data-align=\"center\">13:55<\/td><td class=\"has-text-align-center\" data-align=\"center\">8:05<\/td><td class=\"has-text-align-center\" data-align=\"center\">14:00<\/td><\/tr><\/tbody><\/table><figcaption class=\"wp-element-caption\">In July and August<\/figcaption><\/figure>\n\n\n\n<p><strong>Bus line Log pod Mangartom &#8211; Mangart saddle<\/strong><\/p>\n\n\n\n<p>There is a regular bus line from Log pod Mangartom on weekends, in June and August to the Mangart saddle. The bus runs every full hour from 7 a.m. to 4 p.m. You will have to pay \u20ac2 for the transport, but children up to the age of 10 can travel for free.<\/p>\n\n\n\n<p>Somewhere halfway from the bus station on Mangart saddle, towards the top of the saddle, you will walk past the cabin on Mangart saddle, which is open during the summer season in July and August. Unfortunately, in 2021 I had a rather bad experience with the lady who served behind the counter, the lady was very unfriendly and annoying (she really had a very bad day), so I myself will not visit this cabin for a while, because with such an attitude they don&#8217;t deserve my visit (my opinion). Otherwise, you can get food and drink in the cabin, and you can also sleep in it.<\/p>\n\n\n\n<figure class=\"wp-block-gallery has-nested-images columns-default is-cropped wp-block-gallery-10 is-layout-flex wp-block-gallery-is-layout-flex\">\n<figure class=\"wp-block-image size-large\"><img loading=\"lazy\" decoding=\"async\" width=\"900\" height=\"600\" data-id=\"4459\" src=\"https:\/\/vnaravo.si\/wp-content\/uploads\/2021\/10\/Pogled-proti-Jalovcu-triglavu-in-ostalim-goram-v-osrcju-Julijskih-Alp.jpg\" alt=\"\" class=\"wp-image-4459\" srcset=\"https:\/\/vnaravo.si\/wp-content\/uploads\/2021\/10\/Pogled-proti-Jalovcu-triglavu-in-ostalim-goram-v-osrcju-Julijskih-Alp.jpg 900w, https:\/\/vnaravo.si\/wp-content\/uploads\/2021\/10\/Pogled-proti-Jalovcu-triglavu-in-ostalim-goram-v-osrcju-Julijskih-Alp-300x200.jpg 300w, https:\/\/vnaravo.si\/wp-content\/uploads\/2021\/10\/Pogled-proti-Jalovcu-triglavu-in-ostalim-goram-v-osrcju-Julijskih-Alp-150x100.jpg 150w, https:\/\/vnaravo.si\/wp-content\/uploads\/2021\/10\/Pogled-proti-Jalovcu-triglavu-in-ostalim-goram-v-osrcju-Julijskih-Alp-768x512.jpg 768w\" sizes=\"auto, (max-width: 900px) 100vw, 900px\" \/><figcaption class=\"wp-element-caption\">View towards Jalovec, Triglav and other mountains in the heart of the Julian Alps<\/figcaption><\/figure>\n<\/figure>\n\n\n\n<h2 class=\"wp-block-heading\">Conclusion<\/h2>\n\n\n\n<p>Mangart saddle is one of the pearls of the Slovenian highlands. It truly offers us a unique experience that cannot be experienced anywhere else on the sunny side of the Alps. If you have not yet taken the panoramic road to Mangart saddle, I strongly recommend that you do so in the first good time when the road is open and passable.<\/p>\n\n\n\n<p><strong>I wish you a nice day and let&#8217;s go to the nature!<\/strong><\/p>\n","protected":false},"excerpt":{"rendered":"<p>Around 1992, my parents took me to Mangart Saddle for the first time, I was around 10 or 11 years old, and I will never forget that ride towards the top of our highest route in Slovenia. Such an amazing road, such views, tunnels carved into the rock\u2026 but nothing at the top!? And then [&#8230;]\n","protected":false},"author":1,"featured_media":16887,"comment_status":"open","ping_status":"closed","sticky":false,"template":"","format":"standard","meta":{"_acf_changed":false,"_jetpack_memberships_contains_paid_content":false,"footnotes":""},"categories":[666,649,650,664,668],"tags":[1457,1455,1454],"cas-ture":[],"class_list":["post-16873","post","type-post","status-publish","format-standard","has-post-thumbnail","hentry","category-ferratas","category-gorenjska-region","category-goriska-region","category-hiking","category-mountains","tag-climbing-mangart","tag-hiking-mangart","tag-mangart-2"],"acf":[],"yoast_head":"<!-- This site is optimized with the Yoast SEO plugin v27.4 - https:\/\/yoast.com\/product\/yoast-seo-wordpress\/ -->\n<title>Mangart hike | V naravo<\/title>\n<meta name=\"robots\" content=\"index, follow, max-snippet:-1, max-image-preview:large, max-video-preview:-1\" \/>\n<link rel=\"canonical\" href=\"https:\/\/vnaravo.si\/en\/mangart-hike\/\" \/>\n<meta property=\"og:locale\" content=\"en_US\" \/>\n<meta property=\"og:type\" content=\"article\" \/>\n<meta property=\"og:title\" content=\"Mangart hike | V naravo\" \/>\n<meta property=\"og:description\" content=\"Around 1992, my parents took me to Mangart Saddle for the first time, I was around 10 or 11 years old, and I will never forget that ride towards the top of our highest route in Slovenia. Such an amazing road, such views, tunnels carved into the rock\u2026 but nothing at the top!? And then [...]\" \/>\n<meta property=\"og:url\" content=\"https:\/\/vnaravo.si\/en\/mangart-hike\/\" \/>\n<meta property=\"og:site_name\" content=\"V naravo\" \/>\n<meta property=\"article:author\" content=\"https:\/\/www.facebook.com\/groups\/vnaravo\" \/>\n<meta property=\"article:published_time\" content=\"2023-11-14T12:58:03+00:00\" \/>\n<meta property=\"article:modified_time\" content=\"2024-11-28T10:25:55+00:00\" \/>\n<meta property=\"og:image\" content=\"https:\/\/vnaravo.si\/wp-content\/uploads\/2023\/11\/Mangart.jpg\" \/>\n\t<meta property=\"og:image:width\" content=\"924\" \/>\n\t<meta property=\"og:image:height\" content=\"520\" \/>\n\t<meta property=\"og:image:type\" content=\"image\/jpeg\" \/>\n<meta name=\"author\" content=\"Weixler\" \/>\n<meta name=\"twitter:card\" content=\"summary_large_image\" \/>\n<meta name=\"twitter:label1\" content=\"Written by\" \/>\n\t<meta name=\"twitter:data1\" content=\"Weixler\" \/>\n\t<meta name=\"twitter:label2\" content=\"Est. reading time\" \/>\n\t<meta name=\"twitter:data2\" content=\"15 minutes\" \/>\n<script type=\"application\/ld+json\" class=\"yoast-schema-graph\">{\"@context\":\"https:\\\/\\\/schema.org\",\"@graph\":[{\"@type\":\"Article\",\"@id\":\"https:\\\/\\\/vnaravo.si\\\/en\\\/mangart-hike\\\/#article\",\"isPartOf\":{\"@id\":\"https:\\\/\\\/vnaravo.si\\\/en\\\/mangart-hike\\\/\"},\"author\":{\"name\":\"Weixler\",\"@id\":\"https:\\\/\\\/vnaravo.si\\\/#\\\/schema\\\/person\\\/dfac09c3757be6008e554bb60b67acc2\"},\"headline\":\"Mangart hike\",\"datePublished\":\"2023-11-14T12:58:03+00:00\",\"dateModified\":\"2024-11-28T10:25:55+00:00\",\"mainEntityOfPage\":{\"@id\":\"https:\\\/\\\/vnaravo.si\\\/en\\\/mangart-hike\\\/\"},\"wordCount\":2650,\"commentCount\":0,\"publisher\":{\"@id\":\"https:\\\/\\\/vnaravo.si\\\/#organization\"},\"image\":{\"@id\":\"https:\\\/\\\/vnaravo.si\\\/en\\\/mangart-hike\\\/#primaryimage\"},\"thumbnailUrl\":\"https:\\\/\\\/vnaravo.si\\\/wp-content\\\/uploads\\\/2023\\\/11\\\/Mangart.jpg\",\"keywords\":[\"climbing mangart\",\"hiking mangart\",\"Mangart\"],\"articleSection\":[\"Ferratas\",\"Gorenjska region\",\"Gori\u0161ka region\",\"Hiking\",\"Mountains\"],\"inLanguage\":\"en-US\",\"potentialAction\":[{\"@type\":\"CommentAction\",\"name\":\"Comment\",\"target\":[\"https:\\\/\\\/vnaravo.si\\\/en\\\/mangart-hike\\\/#respond\"]}]},{\"@type\":\"WebPage\",\"@id\":\"https:\\\/\\\/vnaravo.si\\\/en\\\/mangart-hike\\\/\",\"url\":\"https:\\\/\\\/vnaravo.si\\\/en\\\/mangart-hike\\\/\",\"name\":\"Mangart hike | V naravo\",\"isPartOf\":{\"@id\":\"https:\\\/\\\/vnaravo.si\\\/#website\"},\"primaryImageOfPage\":{\"@id\":\"https:\\\/\\\/vnaravo.si\\\/en\\\/mangart-hike\\\/#primaryimage\"},\"image\":{\"@id\":\"https:\\\/\\\/vnaravo.si\\\/en\\\/mangart-hike\\\/#primaryimage\"},\"thumbnailUrl\":\"https:\\\/\\\/vnaravo.si\\\/wp-content\\\/uploads\\\/2023\\\/11\\\/Mangart.jpg\",\"datePublished\":\"2023-11-14T12:58:03+00:00\",\"dateModified\":\"2024-11-28T10:25:55+00:00\",\"breadcrumb\":{\"@id\":\"https:\\\/\\\/vnaravo.si\\\/en\\\/mangart-hike\\\/#breadcrumb\"},\"inLanguage\":\"en-US\",\"potentialAction\":[{\"@type\":\"ReadAction\",\"target\":[\"https:\\\/\\\/vnaravo.si\\\/en\\\/mangart-hike\\\/\"]}]},{\"@type\":\"ImageObject\",\"inLanguage\":\"en-US\",\"@id\":\"https:\\\/\\\/vnaravo.si\\\/en\\\/mangart-hike\\\/#primaryimage\",\"url\":\"https:\\\/\\\/vnaravo.si\\\/wp-content\\\/uploads\\\/2023\\\/11\\\/Mangart.jpg\",\"contentUrl\":\"https:\\\/\\\/vnaravo.si\\\/wp-content\\\/uploads\\\/2023\\\/11\\\/Mangart.jpg\",\"width\":924,\"height\":520,\"caption\":\"Mangart hike\"},{\"@type\":\"BreadcrumbList\",\"@id\":\"https:\\\/\\\/vnaravo.si\\\/en\\\/mangart-hike\\\/#breadcrumb\",\"itemListElement\":[{\"@type\":\"ListItem\",\"position\":1,\"name\":\"Home\",\"item\":\"https:\\\/\\\/vnaravo.si\\\/\"},{\"@type\":\"ListItem\",\"position\":2,\"name\":\"Mangart hike\"}]},{\"@type\":\"WebSite\",\"@id\":\"https:\\\/\\\/vnaravo.si\\\/#website\",\"url\":\"https:\\\/\\\/vnaravo.si\\\/\",\"name\":\"V naravo\",\"description\":\"\u017divimo, da raziskujemo\",\"publisher\":{\"@id\":\"https:\\\/\\\/vnaravo.si\\\/#organization\"},\"potentialAction\":[{\"@type\":\"SearchAction\",\"target\":{\"@type\":\"EntryPoint\",\"urlTemplate\":\"https:\\\/\\\/vnaravo.si\\\/?s={search_term_string}\"},\"query-input\":{\"@type\":\"PropertyValueSpecification\",\"valueRequired\":true,\"valueName\":\"search_term_string\"}}],\"inLanguage\":\"en-US\"},{\"@type\":\"Organization\",\"@id\":\"https:\\\/\\\/vnaravo.si\\\/#organization\",\"name\":\"V naravo\",\"url\":\"https:\\\/\\\/vnaravo.si\\\/\",\"logo\":{\"@type\":\"ImageObject\",\"inLanguage\":\"en-US\",\"@id\":\"https:\\\/\\\/vnaravo.si\\\/#\\\/schema\\\/logo\\\/image\\\/\",\"url\":\"https:\\\/\\\/vnaravo.si\\\/wp-content\\\/uploads\\\/2023\\\/08\\\/vert-tag-RGB-TRANS-S.png\",\"contentUrl\":\"https:\\\/\\\/vnaravo.si\\\/wp-content\\\/uploads\\\/2023\\\/08\\\/vert-tag-RGB-TRANS-S.png\",\"width\":827,\"height\":709,\"caption\":\"V naravo\"},\"image\":{\"@id\":\"https:\\\/\\\/vnaravo.si\\\/#\\\/schema\\\/logo\\\/image\\\/\"},\"sameAs\":[\"https:\\\/\\\/www.instagram.com\\\/vnaravo\\\/\",\"https:\\\/\\\/www.youtube.com\\\/channel\\\/UCPDhiRHl_YHpeCVh5U81iwg\"]},{\"@type\":\"Person\",\"@id\":\"https:\\\/\\\/vnaravo.si\\\/#\\\/schema\\\/person\\\/dfac09c3757be6008e554bb60b67acc2\",\"name\":\"Weixler\",\"image\":{\"@type\":\"ImageObject\",\"inLanguage\":\"en-US\",\"@id\":\"https:\\\/\\\/secure.gravatar.com\\\/avatar\\\/74fa6cf3659b885b13149d48984f91604a68a168895a11fb0ee46126691a6d54?s=96&d=mm&r=g\",\"url\":\"https:\\\/\\\/secure.gravatar.com\\\/avatar\\\/74fa6cf3659b885b13149d48984f91604a68a168895a11fb0ee46126691a6d54?s=96&d=mm&r=g\",\"contentUrl\":\"https:\\\/\\\/secure.gravatar.com\\\/avatar\\\/74fa6cf3659b885b13149d48984f91604a68a168895a11fb0ee46126691a6d54?s=96&d=mm&r=g\",\"caption\":\"Weixler\"},\"description\":\"\u017divjo, \u017eivjo, jaz sem Peter Sem \u0161portni navdu\u0161enec \u017ee od malih nog \u2013 gibanje in narava sta moja velika ljubezen. Najraje pre\u017eivljam \u010das zunaj, kjer se me\u0161ajo sve\u017e zrak, \u010dudoviti razgledi in tista posebna energija narave. \u010ceprav me pogosto najdete na poteh in vrhovih, se znajdem tudi v \u0161portnih dvoranah, saj sem poleg vsega tudi trener. Narava me je skozi leta nau\u010dila ogromno. Od tega, kako se pravilno pripraviti na turo, do soo\u010danja z izzivi, ki jih prinesejo gore \u2013 pa naj gre za opremo, telesno pripravljenost ali spoprijemanje z nepri\u010dakovanimi situacijami. Vse to znanje in izku\u0161nje delim z vami tukaj, na tej strani. Poleg tega sem ustvarjalec YouTube kanala V naravo, kjer z vami delim svoje dogodiv\u0161\u010dine, nasvete in trenutke, ki jih ponuja \u017eivljenje v naravi. Najdete me tudi na Facebooku in Instagramu, kjer lahko spremljate moje poti in dobite \u0161e ve\u010d navdiha za svoje avanture. \u010ce obo\u017eujete naravo, raziskovanje in gibanje, potem ste na pravem mestu. Pridru\u017eite se mi in skupaj se podajmo v naravo! \ud83c\udf3f\",\"sameAs\":[\"https:\\\/\\\/vnaravo.si\",\"https:\\\/\\\/www.facebook.com\\\/groups\\\/vnaravo\",\"https:\\\/\\\/www.instagram.com\\\/vnaravo\\\/\",\"https:\\\/\\\/www.youtube.com\\\/@vnaravo3616\"],\"url\":\"https:\\\/\\\/vnaravo.si\\\/en\\\/author\\\/admin\\\/\"}]}<\/script>\n<!-- \/ Yoast SEO plugin. -->","yoast_head_json":{"title":"Mangart hike | V naravo","robots":{"index":"index","follow":"follow","max-snippet":"max-snippet:-1","max-image-preview":"max-image-preview:large","max-video-preview":"max-video-preview:-1"},"canonical":"https:\/\/vnaravo.si\/en\/mangart-hike\/","og_locale":"en_US","og_type":"article","og_title":"Mangart hike | V naravo","og_description":"Around 1992, my parents took me to Mangart Saddle for the first time, I was around 10 or 11 years old, and I will never forget that ride towards the top of our highest route in Slovenia. Such an amazing road, such views, tunnels carved into the rock\u2026 but nothing at the top!? And then [...]","og_url":"https:\/\/vnaravo.si\/en\/mangart-hike\/","og_site_name":"V naravo","article_author":"https:\/\/www.facebook.com\/groups\/vnaravo","article_published_time":"2023-11-14T12:58:03+00:00","article_modified_time":"2024-11-28T10:25:55+00:00","og_image":[{"width":924,"height":520,"url":"https:\/\/vnaravo.si\/wp-content\/uploads\/2023\/11\/Mangart.jpg","type":"image\/jpeg"}],"author":"Weixler","twitter_card":"summary_large_image","twitter_misc":{"Written by":"Weixler","Est. reading time":"15 minutes"},"schema":{"@context":"https:\/\/schema.org","@graph":[{"@type":"Article","@id":"https:\/\/vnaravo.si\/en\/mangart-hike\/#article","isPartOf":{"@id":"https:\/\/vnaravo.si\/en\/mangart-hike\/"},"author":{"name":"Weixler","@id":"https:\/\/vnaravo.si\/#\/schema\/person\/dfac09c3757be6008e554bb60b67acc2"},"headline":"Mangart hike","datePublished":"2023-11-14T12:58:03+00:00","dateModified":"2024-11-28T10:25:55+00:00","mainEntityOfPage":{"@id":"https:\/\/vnaravo.si\/en\/mangart-hike\/"},"wordCount":2650,"commentCount":0,"publisher":{"@id":"https:\/\/vnaravo.si\/#organization"},"image":{"@id":"https:\/\/vnaravo.si\/en\/mangart-hike\/#primaryimage"},"thumbnailUrl":"https:\/\/vnaravo.si\/wp-content\/uploads\/2023\/11\/Mangart.jpg","keywords":["climbing mangart","hiking mangart","Mangart"],"articleSection":["Ferratas","Gorenjska region","Gori\u0161ka region","Hiking","Mountains"],"inLanguage":"en-US","potentialAction":[{"@type":"CommentAction","name":"Comment","target":["https:\/\/vnaravo.si\/en\/mangart-hike\/#respond"]}]},{"@type":"WebPage","@id":"https:\/\/vnaravo.si\/en\/mangart-hike\/","url":"https:\/\/vnaravo.si\/en\/mangart-hike\/","name":"Mangart hike | V naravo","isPartOf":{"@id":"https:\/\/vnaravo.si\/#website"},"primaryImageOfPage":{"@id":"https:\/\/vnaravo.si\/en\/mangart-hike\/#primaryimage"},"image":{"@id":"https:\/\/vnaravo.si\/en\/mangart-hike\/#primaryimage"},"thumbnailUrl":"https:\/\/vnaravo.si\/wp-content\/uploads\/2023\/11\/Mangart.jpg","datePublished":"2023-11-14T12:58:03+00:00","dateModified":"2024-11-28T10:25:55+00:00","breadcrumb":{"@id":"https:\/\/vnaravo.si\/en\/mangart-hike\/#breadcrumb"},"inLanguage":"en-US","potentialAction":[{"@type":"ReadAction","target":["https:\/\/vnaravo.si\/en\/mangart-hike\/"]}]},{"@type":"ImageObject","inLanguage":"en-US","@id":"https:\/\/vnaravo.si\/en\/mangart-hike\/#primaryimage","url":"https:\/\/vnaravo.si\/wp-content\/uploads\/2023\/11\/Mangart.jpg","contentUrl":"https:\/\/vnaravo.si\/wp-content\/uploads\/2023\/11\/Mangart.jpg","width":924,"height":520,"caption":"Mangart hike"},{"@type":"BreadcrumbList","@id":"https:\/\/vnaravo.si\/en\/mangart-hike\/#breadcrumb","itemListElement":[{"@type":"ListItem","position":1,"name":"Home","item":"https:\/\/vnaravo.si\/"},{"@type":"ListItem","position":2,"name":"Mangart hike"}]},{"@type":"WebSite","@id":"https:\/\/vnaravo.si\/#website","url":"https:\/\/vnaravo.si\/","name":"V naravo","description":"\u017divimo, da raziskujemo","publisher":{"@id":"https:\/\/vnaravo.si\/#organization"},"potentialAction":[{"@type":"SearchAction","target":{"@type":"EntryPoint","urlTemplate":"https:\/\/vnaravo.si\/?s={search_term_string}"},"query-input":{"@type":"PropertyValueSpecification","valueRequired":true,"valueName":"search_term_string"}}],"inLanguage":"en-US"},{"@type":"Organization","@id":"https:\/\/vnaravo.si\/#organization","name":"V naravo","url":"https:\/\/vnaravo.si\/","logo":{"@type":"ImageObject","inLanguage":"en-US","@id":"https:\/\/vnaravo.si\/#\/schema\/logo\/image\/","url":"https:\/\/vnaravo.si\/wp-content\/uploads\/2023\/08\/vert-tag-RGB-TRANS-S.png","contentUrl":"https:\/\/vnaravo.si\/wp-content\/uploads\/2023\/08\/vert-tag-RGB-TRANS-S.png","width":827,"height":709,"caption":"V naravo"},"image":{"@id":"https:\/\/vnaravo.si\/#\/schema\/logo\/image\/"},"sameAs":["https:\/\/www.instagram.com\/vnaravo\/","https:\/\/www.youtube.com\/channel\/UCPDhiRHl_YHpeCVh5U81iwg"]},{"@type":"Person","@id":"https:\/\/vnaravo.si\/#\/schema\/person\/dfac09c3757be6008e554bb60b67acc2","name":"Weixler","image":{"@type":"ImageObject","inLanguage":"en-US","@id":"https:\/\/secure.gravatar.com\/avatar\/74fa6cf3659b885b13149d48984f91604a68a168895a11fb0ee46126691a6d54?s=96&d=mm&r=g","url":"https:\/\/secure.gravatar.com\/avatar\/74fa6cf3659b885b13149d48984f91604a68a168895a11fb0ee46126691a6d54?s=96&d=mm&r=g","contentUrl":"https:\/\/secure.gravatar.com\/avatar\/74fa6cf3659b885b13149d48984f91604a68a168895a11fb0ee46126691a6d54?s=96&d=mm&r=g","caption":"Weixler"},"description":"\u017divjo, \u017eivjo, jaz sem Peter Sem \u0161portni navdu\u0161enec \u017ee od malih nog \u2013 gibanje in narava sta moja velika ljubezen. Najraje pre\u017eivljam \u010das zunaj, kjer se me\u0161ajo sve\u017e zrak, \u010dudoviti razgledi in tista posebna energija narave. \u010ceprav me pogosto najdete na poteh in vrhovih, se znajdem tudi v \u0161portnih dvoranah, saj sem poleg vsega tudi trener. Narava me je skozi leta nau\u010dila ogromno. Od tega, kako se pravilno pripraviti na turo, do soo\u010danja z izzivi, ki jih prinesejo gore \u2013 pa naj gre za opremo, telesno pripravljenost ali spoprijemanje z nepri\u010dakovanimi situacijami. Vse to znanje in izku\u0161nje delim z vami tukaj, na tej strani. Poleg tega sem ustvarjalec YouTube kanala V naravo, kjer z vami delim svoje dogodiv\u0161\u010dine, nasvete in trenutke, ki jih ponuja \u017eivljenje v naravi. Najdete me tudi na Facebooku in Instagramu, kjer lahko spremljate moje poti in dobite \u0161e ve\u010d navdiha za svoje avanture. \u010ce obo\u017eujete naravo, raziskovanje in gibanje, potem ste na pravem mestu. Pridru\u017eite se mi in skupaj se podajmo v naravo! \ud83c\udf3f","sameAs":["https:\/\/vnaravo.si","https:\/\/www.facebook.com\/groups\/vnaravo","https:\/\/www.instagram.com\/vnaravo\/","https:\/\/www.youtube.com\/@vnaravo3616"],"url":"https:\/\/vnaravo.si\/en\/author\/admin\/"}]}},"jetpack_featured_media_url":"https:\/\/vnaravo.si\/wp-content\/uploads\/2023\/11\/Mangart.jpg","jetpack_sharing_enabled":true,"_links":{"self":[{"href":"https:\/\/vnaravo.si\/en\/wp-json\/wp\/v2\/posts\/16873","targetHints":{"allow":["GET"]}}],"collection":[{"href":"https:\/\/vnaravo.si\/en\/wp-json\/wp\/v2\/posts"}],"about":[{"href":"https:\/\/vnaravo.si\/en\/wp-json\/wp\/v2\/types\/post"}],"author":[{"embeddable":true,"href":"https:\/\/vnaravo.si\/en\/wp-json\/wp\/v2\/users\/1"}],"replies":[{"embeddable":true,"href":"https:\/\/vnaravo.si\/en\/wp-json\/wp\/v2\/comments?post=16873"}],"version-history":[{"count":6,"href":"https:\/\/vnaravo.si\/en\/wp-json\/wp\/v2\/posts\/16873\/revisions"}],"predecessor-version":[{"id":18931,"href":"https:\/\/vnaravo.si\/en\/wp-json\/wp\/v2\/posts\/16873\/revisions\/18931"}],"wp:featuredmedia":[{"embeddable":true,"href":"https:\/\/vnaravo.si\/en\/wp-json\/wp\/v2\/media\/16887"}],"wp:attachment":[{"href":"https:\/\/vnaravo.si\/en\/wp-json\/wp\/v2\/media?parent=16873"}],"wp:term":[{"taxonomy":"category","embeddable":true,"href":"https:\/\/vnaravo.si\/en\/wp-json\/wp\/v2\/categories?post=16873"},{"taxonomy":"post_tag","embeddable":true,"href":"https:\/\/vnaravo.si\/en\/wp-json\/wp\/v2\/tags?post=16873"},{"taxonomy":"cas-ture","embeddable":true,"href":"https:\/\/vnaravo.si\/en\/wp-json\/wp\/v2\/cas-ture?post=16873"}],"curies":[{"name":"wp","href":"https:\/\/api.w.org\/{rel}","templated":true}]}}